{"id":782,"date":"2022-08-20T12:43:09","date_gmt":"2022-08-20T17:43:09","guid":{"rendered":"https:\/\/uxcolombia.co\/colbaja\/?p=782"},"modified":"2023-05-13T09:22:02","modified_gmt":"2023-05-13T14:22:02","slug":"conservacion-y-restauracion-de-zonas-afectadas-por-actividades-agropecuarias-y-promocion-de-negocios-verdes-como-estrategias-para-la-reduccion-de-emisiones-de-gei-en-la-reserva-ecopalacio-y-otras-cua","status":"publish","type":"post","link":"https:\/\/fondoaccion.org\/colombiabajaencarbono\/conservacion-y-restauracion-de-zonas-afectadas-por-actividades-agropecuarias-y-promocion-de-negocios-verdes-como-estrategias-para-la-reduccion-de-emisiones-de-gei-en-la-reserva-ecopalacio-y-otras-cua\/","title":{"rendered":"Conservaci\u00f3n y restauraci\u00f3n de zonas afectadas por actividades agropecuarias y promoci\u00f3n de negocios verdes como estrategias para la reducci\u00f3n de emisiones de GEI, en la reserva Ecopalacio y otras cuatro organizaciones de Guasca"},"content":{"rendered":"\t\t<div data-elementor-type=\"wp-post\" data-elementor-id=\"782\" class=\"elementor elementor-782\">\n\t\t\t\t\t\t\t\t\t<section class=\"elementor-section elementor-top-section elementor-element elementor-element-23e441e elementor-section-full_width elementor-section-height-min-height elementor-section-stretched elementor-section-height-default elementor-section-items-middle\" data-id=\"23e441e\" data-element_type=\"section\" data-settings=\"{&quot;stretch_section&quot;:&quot;section-stretched&quot;,&quot;background_background&quot;:&quot;classic&quot;}\">\n\t\t\t\t\t\t<div class=\"elementor-container elementor-column-gap-default\">\n\t\t\t\t\t<div class=\"elementor-column elementor-col-100 elementor-top-column elementor-element elementor-element-21b0cba\" data-id=\"21b0cba\" data-element_type=\"column\">\n\t\t\t<div class=\"elementor-widget-wrap elementor-element-populated\">\n\t\t\t\t\t\t\t\t<section class=\"elementor-section elementor-inner-section elementor-element elementor-element-c3b31b8 elementor-section-full_width elementor-section-height-default elementor-section-height-default\" data-id=\"c3b31b8\" data-element_type=\"section\">\n\t\t\t\t\t\t<div class=\"elementor-container elementor-column-gap-default\">\n\t\t\t\t\t<div class=\"elementor-column elementor-col-50 elementor-inner-column elementor-element elementor-element-5705276\" data-id=\"5705276\" data-element_type=\"column\">\n\t\t\t<div class=\"elementor-widget-wrap elementor-element-populated\">\n\t\t\t\t\t\t\t\t<div class=\"elementor-element elementor-element-e4e00de elementor-widget elementor-widget-image\" data-id=\"e4e00de\" data-element_type=\"widget\" data-widget_type=\"image.default\">\n\t\t\t\t<div class=\"elementor-widget-container\">\n\t\t\t<style>\/*! elementor - v3.11.0 - 13-02-2023 *\/\n.elementor-widget-image{text-align:center}.elementor-widget-image a{display:inline-block}.elementor-widget-image a img[src$=\".svg\"]{width:48px}.elementor-widget-image img{vertical-align:middle;display:inline-block}<\/style>\t\t\t\t\t\t\t\t\t\t\t\t<img loading=\"lazy\" decoding=\"async\" width=\"791\" height=\"1024\" src=\"https:\/\/fondoaccion.org\/colombiabajaencarbono\/wp-content\/uploads\/2022\/08\/17_Ficha_ECOPALACIO_2022-1_page-0001-791x1024.jpg\" class=\"attachment-large size-large wp-image-1420\" alt=\"Conservaci\u00f3n y restauraci\u00f3n de zonas afectadas por actividades agropecuarias y promoci\u00f3n de negocios verdes como estrategias para la reducci\u00f3n de emisiones de GEI\" srcset=\"https:\/\/fondoaccion.org\/colombiabajaencarbono\/wp-content\/uploads\/2022\/08\/17_Ficha_ECOPALACIO_2022-1_page-0001-791x1024.jpg 791w, https:\/\/fondoaccion.org\/colombiabajaencarbono\/wp-content\/uploads\/2022\/08\/17_Ficha_ECOPALACIO_2022-1_page-0001-232x300.jpg 232w, https:\/\/fondoaccion.org\/colombiabajaencarbono\/wp-content\/uploads\/2022\/08\/17_Ficha_ECOPALACIO_2022-1_page-0001-768x994.jpg 768w, https:\/\/fondoaccion.org\/colombiabajaencarbono\/wp-content\/uploads\/2022\/08\/17_Ficha_ECOPALACIO_2022-1_page-0001-1187x1536.jpg 1187w, https:\/\/fondoaccion.org\/colombiabajaencarbono\/wp-content\/uploads\/2022\/08\/17_Ficha_ECOPALACIO_2022-1_page-0001.jpg 1275w\" sizes=\"auto, (max-width: 791px) 100vw, 791px\" \/>\t\t\t\t\t\t\t\t\t\t\t\t\t\t\t<\/div>\n\t\t\t\t<\/div>\n\t\t\t\t\t<\/div>\n\t\t<\/div>\n\t\t\t\t<div class=\"elementor-column elementor-col-50 elementor-inner-column elementor-element elementor-element-4d67044\" data-id=\"4d67044\" data-element_type=\"column\">\n\t\t\t<div class=\"elementor-widget-wrap elementor-element-populated\">\n\t\t\t\t\t\t\t\t<div class=\"elementor-element elementor-element-fb7d3b0 elementor-widget elementor-widget-text-editor\" data-id=\"fb7d3b0\" data-element_type=\"widget\" data-widget_type=\"text-editor.default\">\n\t\t\t\t<div class=\"elementor-widget-container\">\n\t\t\t<style>\/*! elementor - v3.11.0 - 13-02-2023 *\/\n.elementor-widget-text-editor.elementor-drop-cap-view-stacked .elementor-drop-cap{background-color:#818a91;color:#fff}.elementor-widget-text-editor.elementor-drop-cap-view-framed .elementor-drop-cap{color:#818a91;border:3px solid;background-color:transparent}.elementor-widget-text-editor:not(.elementor-drop-cap-view-default) .elementor-drop-cap{margin-top:8px}.elementor-widget-text-editor:not(.elementor-drop-cap-view-default) .elementor-drop-cap-letter{width:1em;height:1em}.elementor-widget-text-editor .elementor-drop-cap{float:left;text-align:center;line-height:1;font-size:50px}.elementor-widget-text-editor .elementor-drop-cap-letter{display:inline-block}<\/style>\t\t\t\t<p>El objetivo de esta iniciativa es implementar soluciones basadas en la naturaleza para la mitigaci\u00f3n del cambio clim\u00e1tico, promoviendo la reconversi\u00f3n agropecuaria para la reducci\u00f3n de emisiones de GEI, la conservaci\u00f3n y restauraci\u00f3n de los ecosistemas y la promoci\u00f3n de negocios verdes en la Reserva Ecopalacio y otras cuatro organizaciones de Guasca, zona amortiguadora Chingaza.<\/p>\t\t\t\t\t\t<\/div>\n\t\t\t\t<\/div>\n\t\t\t\t<div class=\"elementor-element elementor-element-d5b123d elementor-widget elementor-widget-text-editor\" data-id=\"d5b123d\" data-element_type=\"widget\" data-widget_type=\"text-editor.default\">\n\t\t\t\t<div class=\"elementor-widget-container\">\n\t\t\t\t\t\t\t<p>Para mayor infomaci\u00f3n contacta a : <span style=\"text-decoration: underline;\"><a href=\"mailto:agarcia@fondoaccion.org\">agarcia@fondoaccion.org<\/a><\/span><\/p>\t\t\t\t\t\t<\/div>\n\t\t\t\t<\/div>\n\t\t\t\t<div class=\"elementor-element elementor-element-198f45a elementor-align-left elementor-mobile-align-center elementor-widget elementor-widget-button\" data-id=\"198f45a\" data-element_type=\"widget\" data-widget_type=\"button.default\">\n\t\t\t\t<div class=\"elementor-widget-container\">\n\t\t\t\t\t<div class=\"elementor-button-wrapper\">\n\t\t\t<a href=\"https:\/\/fondoaccion.org\/?smd_process_download=1&#038;download_id=15813\" download=\"\" class=\"elementor-button-link elementor-button elementor-size-sm elementor-animation-grow\" role=\"button\">\n\t\t\t\t\t\t<span class=\"elementor-button-content-wrapper\">\n\t\t\t\t\t\t\t<span class=\"elementor-button-icon elementor-align-icon-left\">\n\t\t\t\t<i aria-hidden=\"true\" class=\"far fa-file-pdf\"><\/i>\t\t\t<\/span>\n\t\t\t\t\t\t<span class=\"elementor-button-text\">DESCARGAR PDF<\/span>\n\t\t<\/span>\n\t\t\t\t\t<\/a>\n\t\t<\/div>\n\t\t\t\t<\/div>\n\t\t\t\t<\/div>\n\t\t\t\t\t<\/div>\n\t\t<\/div>\n\t\t\t\t\t\t\t<\/div>\n\t\t<\/section>\n\t\t\t\t<section class=\"elementor-section elementor-inner-section elementor-element elementor-element-bd3b455 elementor-section-boxed elementor-section-height-default elementor-section-height-default\" data-id=\"bd3b455\" data-element_type=\"section\">\n\t\t\t\t\t\t<div class=\"elementor-container elementor-column-gap-default\">\n\t\t\t\t\t<div class=\"elementor-column elementor-col-100 elementor-inner-column elementor-element elementor-element-8f5b8a7\" data-id=\"8f5b8a7\" data-element_type=\"column\">\n\t\t\t<div class=\"elementor-widget-wrap elementor-element-populated\">\n\t\t\t\t\t\t\t\t<div class=\"elementor-element elementor-element-c1891de elementor-align-center elementor-mobile-align-center elementor-widget elementor-widget-button\" data-id=\"c1891de\" data-element_type=\"widget\" data-widget_type=\"button.default\">\n\t\t\t\t<div class=\"elementor-widget-container\">\n\t\t\t\t\t<div class=\"elementor-button-wrapper\">\n\t\t\t<a href=\"https:\/\/fondoaccion.org\/colombiabajaencarbono\/portafolio-de-ideas-innovadoras\/\" class=\"elementor-button-link elementor-button elementor-size-sm elementor-animation-grow\" role=\"button\">\n\t\t\t\t\t\t<span class=\"elementor-button-content-wrapper\">\n\t\t\t\t\t\t<span class=\"elementor-button-text\">Regresar<\/span>\n\t\t<\/span>\n\t\t\t\t\t<\/a>\n\t\t<\/div>\n\t\t\t\t<\/div>\n\t\t\t\t<\/div>\n\t\t\t\t\t<\/div>\n\t\t<\/div>\n\t\t\t\t\t\t\t<\/div>\n\t\t<\/section>\n\t\t\t\t\t<\/div>\n\t\t<\/div>\n\t\t\t\t\t\t\t<\/div>\n\t\t<\/section>\n\t\t\t\t\t\t\t<\/div>\n\t\t","protected":false},"excerpt":{"rendered":"<p>El objetivo de esta iniciativa es implementar soluciones basadas en la naturaleza para la mitigaci\u00f3n del cambio clim\u00e1tico, promoviendo la reconversi\u00f3n agropecuaria para la reducci\u00f3n de emisiones de GEI, la conservaci\u00f3n y restauraci\u00f3n de los ecosistemas y la promoci\u00f3n de negocios verdes en la Reserva Ecopalacio y otras cuatro organizaciones de Guasca, zona amortiguadora Chingaza. &hellip;<\/p>\n<p class=\"read-more\"> <a class=\"\" href=\"https:\/\/fondoaccion.org\/colombiabajaencarbono\/conservacion-y-restauracion-de-zonas-afectadas-por-actividades-agropecuarias-y-promocion-de-negocios-verdes-como-estrategias-para-la-reduccion-de-emisiones-de-gei-en-la-reserva-ecopalacio-y-otras-cua\/\"> <span class=\"screen-reader-text\">Conservaci\u00f3n y restauraci\u00f3n de zonas afectadas por actividades agropecuarias y promoci\u00f3n de negocios verdes como estrategias para la reducci\u00f3n de emisiones de GEI, en la reserva Ecopalacio y otras cuatro organizaciones de Guasca<\/span> Leer m\u00e1s &raquo;<\/a><\/p>\n","protected":false},"author":2,"featured_media":1420,"comment_status":"open","ping_status":"open","sticky":false,"template":"elementor_header_footer","format":"standard","meta":{"site-sidebar-layout":"default","site-content-layout":"default","ast-global-header-display":"","ast-main-header-display":"","ast-hfb-above-header-display":"","ast-hfb-below-header-display":"","ast-hfb-mobile-header-display":"","site-post-title":"","ast-breadcrumbs-content":"","ast-featured-img":"","footer-sml-layout":"","theme-transparent-header-meta":"","adv-header-id-meta":"","stick-header-meta":"","header-above-stick-meta":"","header-main-stick-meta":"","header-below-stick-meta":"","footnotes":""},"categories":[5],"tags":[],"class_list":["post-782","post","type-post","status-publish","format-standard","has-post-thumbnail","hentry","category-portafolio-de-ideas"],"_links":{"self":[{"href":"https:\/\/fondoaccion.org\/colombiabajaencarbono\/wp-json\/wp\/v2\/posts\/782","targetHints":{"allow":["GET"]}}],"collection":[{"href":"https:\/\/fondoaccion.org\/colombiabajaencarbono\/wp-json\/wp\/v2\/posts"}],"about":[{"href":"https:\/\/fondoaccion.org\/colombiabajaencarbono\/wp-json\/wp\/v2\/types\/post"}],"author":[{"embeddable":true,"href":"https:\/\/fondoaccion.org\/colombiabajaencarbono\/wp-json\/wp\/v2\/users\/2"}],"replies":[{"embeddable":true,"href":"https:\/\/fondoaccion.org\/colombiabajaencarbono\/wp-json\/wp\/v2\/comments?post=782"}],"version-history":[{"count":38,"href":"https:\/\/fondoaccion.org\/colombiabajaencarbono\/wp-json\/wp\/v2\/posts\/782\/revisions"}],"predecessor-version":[{"id":2751,"href":"https:\/\/fondoaccion.org\/colombiabajaencarbono\/wp-json\/wp\/v2\/posts\/782\/revisions\/2751"}],"wp:featuredmedia":[{"embeddable":true,"href":"https:\/\/fondoaccion.org\/colombiabajaencarbono\/wp-json\/wp\/v2\/media\/1420"}],"wp:attachment":[{"href":"https:\/\/fondoaccion.org\/colombiabajaencarbono\/wp-json\/wp\/v2\/media?parent=782"}],"wp:term":[{"taxonomy":"category","embeddable":true,"href":"https:\/\/fondoaccion.org\/colombiabajaencarbono\/wp-json\/wp\/v2\/categories?post=782"},{"taxonomy":"post_tag","embeddable":true,"href":"https:\/\/fondoaccion.org\/colombiabajaencarbono\/wp-json\/wp\/v2\/tags?post=782"}],"curies":[{"name":"wp","href":"https:\/\/api.w.org\/{rel}","templated":true}]}}