{"id":774,"date":"2022-08-20T12:40:49","date_gmt":"2022-08-20T17:40:49","guid":{"rendered":"https:\/\/uxcolombia.co\/colbaja\/?p=774"},"modified":"2023-05-13T09:15:51","modified_gmt":"2023-05-13T14:15:51","slug":"proyecto-restauracion-y-acciones-de-desarrollo-sostenible-para-la-captura-y-almacenamiento-de-carbono-en-las-areas-del-manglar-en-jurisdiccion-del-santuario-de-flora-y-fauna-el-corchal-mono-h","status":"publish","type":"post","link":"https:\/\/fondoaccion.org\/colombiabajaencarbono\/proyecto-restauracion-y-acciones-de-desarrollo-sostenible-para-la-captura-y-almacenamiento-de-carbono-en-las-areas-del-manglar-en-jurisdiccion-del-santuario-de-flora-y-fauna-el-corchal-mono-h\/","title":{"rendered":"Proyecto Restauraci\u00f3n y acciones de desarrollo sostenible para la captura y almacenamiento de carbono en las \u00e1reas del manglar en jurisdicci\u00f3n del Santuario de Flora y Fauna El Corchal \u201cMono Hern\u00e1ndez\u201d y Rinc\u00f3n del Mar, en el departamento de Sucre"},"content":{"rendered":"\t\t<div data-elementor-type=\"wp-post\" data-elementor-id=\"774\" class=\"elementor elementor-774\">\n\t\t\t\t\t\t\t\t\t<section class=\"elementor-section elementor-top-section elementor-element elementor-element-996fdab elementor-section-full_width elementor-section-height-min-height elementor-section-stretched elementor-section-height-default elementor-section-items-middle\" data-id=\"996fdab\" data-element_type=\"section\" data-settings=\"{&quot;stretch_section&quot;:&quot;section-stretched&quot;,&quot;background_background&quot;:&quot;classic&quot;}\">\n\t\t\t\t\t\t<div class=\"elementor-container elementor-column-gap-default\">\n\t\t\t\t\t<div class=\"elementor-column elementor-col-100 elementor-top-column elementor-element elementor-element-01b9910\" data-id=\"01b9910\" data-element_type=\"column\">\n\t\t\t<div class=\"elementor-widget-wrap elementor-element-populated\">\n\t\t\t\t\t\t\t\t<section class=\"elementor-section elementor-inner-section elementor-element elementor-element-dbd5008 elementor-section-full_width elementor-section-height-default elementor-section-height-default\" data-id=\"dbd5008\" data-element_type=\"section\">\n\t\t\t\t\t\t<div class=\"elementor-container elementor-column-gap-default\">\n\t\t\t\t\t<div class=\"elementor-column elementor-col-50 elementor-inner-column elementor-element elementor-element-7555695\" data-id=\"7555695\" data-element_type=\"column\">\n\t\t\t<div class=\"elementor-widget-wrap elementor-element-populated\">\n\t\t\t\t\t\t\t\t<div class=\"elementor-element elementor-element-75636a4 elementor-widget elementor-widget-image\" data-id=\"75636a4\" data-element_type=\"widget\" data-widget_type=\"image.default\">\n\t\t\t\t<div class=\"elementor-widget-container\">\n\t\t\t<style>\/*! elementor - v3.11.0 - 13-02-2023 *\/\n.elementor-widget-image{text-align:center}.elementor-widget-image a{display:inline-block}.elementor-widget-image a img[src$=\".svg\"]{width:48px}.elementor-widget-image img{vertical-align:middle;display:inline-block}<\/style>\t\t\t\t\t\t\t\t\t\t\t\t<img loading=\"lazy\" decoding=\"async\" width=\"791\" height=\"1024\" src=\"https:\/\/fondoaccion.org\/colombiabajaencarbono\/wp-content\/uploads\/2022\/08\/13_Ficha_Carsucre_2022-1_page-0001-791x1024.jpg\" class=\"attachment-large size-large wp-image-1416\" alt=\"Proyecto Restauraci\u00f3n y acciones de desarrollo sostenible para la captura y almacenamiento de carbono en las \u00e1reas del manglar en jurisdicci\u00f3n del Santuario de Flora\" srcset=\"https:\/\/fondoaccion.org\/colombiabajaencarbono\/wp-content\/uploads\/2022\/08\/13_Ficha_Carsucre_2022-1_page-0001-791x1024.jpg 791w, https:\/\/fondoaccion.org\/colombiabajaencarbono\/wp-content\/uploads\/2022\/08\/13_Ficha_Carsucre_2022-1_page-0001-232x300.jpg 232w, https:\/\/fondoaccion.org\/colombiabajaencarbono\/wp-content\/uploads\/2022\/08\/13_Ficha_Carsucre_2022-1_page-0001-768x994.jpg 768w, https:\/\/fondoaccion.org\/colombiabajaencarbono\/wp-content\/uploads\/2022\/08\/13_Ficha_Carsucre_2022-1_page-0001-1187x1536.jpg 1187w, https:\/\/fondoaccion.org\/colombiabajaencarbono\/wp-content\/uploads\/2022\/08\/13_Ficha_Carsucre_2022-1_page-0001.jpg 1275w\" sizes=\"auto, (max-width: 791px) 100vw, 791px\" \/>\t\t\t\t\t\t\t\t\t\t\t\t\t\t\t<\/div>\n\t\t\t\t<\/div>\n\t\t\t\t\t<\/div>\n\t\t<\/div>\n\t\t\t\t<div class=\"elementor-column elementor-col-50 elementor-inner-column elementor-element elementor-element-fcc78da\" data-id=\"fcc78da\" data-element_type=\"column\">\n\t\t\t<div class=\"elementor-widget-wrap elementor-element-populated\">\n\t\t\t\t\t\t\t\t<div class=\"elementor-element elementor-element-918852e elementor-widget elementor-widget-text-editor\" data-id=\"918852e\" data-element_type=\"widget\" data-widget_type=\"text-editor.default\">\n\t\t\t\t<div class=\"elementor-widget-container\">\n\t\t\t<style>\/*! elementor - v3.11.0 - 13-02-2023 *\/\n.elementor-widget-text-editor.elementor-drop-cap-view-stacked .elementor-drop-cap{background-color:#818a91;color:#fff}.elementor-widget-text-editor.elementor-drop-cap-view-framed .elementor-drop-cap{color:#818a91;border:3px solid;background-color:transparent}.elementor-widget-text-editor:not(.elementor-drop-cap-view-default) .elementor-drop-cap{margin-top:8px}.elementor-widget-text-editor:not(.elementor-drop-cap-view-default) .elementor-drop-cap-letter{width:1em;height:1em}.elementor-widget-text-editor .elementor-drop-cap{float:left;text-align:center;line-height:1;font-size:50px}.elementor-widget-text-editor .elementor-drop-cap-letter{display:inline-block}<\/style>\t\t\t\t<p>Esta iniciativa tiene como objetivo desarrollar acciones para la captura y almacenamiento de carbono mediante la restauraci\u00f3n y conservaci\u00f3n de zonas de manglar con enfoque en econom\u00eda circular y soluciones basadas en la naturaleza, en jurisdicci\u00f3n del SFF El Corchal \u201cMono Hern\u00e1ndez\u201d en su zona de amortiguamiento y Rinc\u00f3n del Mar, en el departamento de Sucre.<\/p>\t\t\t\t\t\t<\/div>\n\t\t\t\t<\/div>\n\t\t\t\t<div class=\"elementor-element elementor-element-bd7023b elementor-widget elementor-widget-text-editor\" data-id=\"bd7023b\" data-element_type=\"widget\" data-widget_type=\"text-editor.default\">\n\t\t\t\t<div class=\"elementor-widget-container\">\n\t\t\t\t\t\t\t<p>Para mayor infomaci\u00f3n contacta a : <span style=\"text-decoration: underline;\"><a href=\"mailto:agarcia@fondoaccion.org\">agarcia@fondoaccion.org<\/a><\/span><\/p>\t\t\t\t\t\t<\/div>\n\t\t\t\t<\/div>\n\t\t\t\t<div class=\"elementor-element elementor-element-9eb47e2 elementor-align-left elementor-mobile-align-center elementor-widget elementor-widget-button\" data-id=\"9eb47e2\" data-element_type=\"widget\" data-widget_type=\"button.default\">\n\t\t\t\t<div class=\"elementor-widget-container\">\n\t\t\t\t\t<div class=\"elementor-button-wrapper\">\n\t\t\t<a href=\"https:\/\/fondoaccion.org\/?smd_process_download=1&#038;download_id=15809\" download=\"\" class=\"elementor-button-link elementor-button elementor-size-sm elementor-animation-grow\" role=\"button\">\n\t\t\t\t\t\t<span class=\"elementor-button-content-wrapper\">\n\t\t\t\t\t\t\t<span class=\"elementor-button-icon elementor-align-icon-left\">\n\t\t\t\t<i aria-hidden=\"true\" class=\"far fa-file-pdf\"><\/i>\t\t\t<\/span>\n\t\t\t\t\t\t<span class=\"elementor-button-text\">DESCARGAR PDF<\/span>\n\t\t<\/span>\n\t\t\t\t\t<\/a>\n\t\t<\/div>\n\t\t\t\t<\/div>\n\t\t\t\t<\/div>\n\t\t\t\t\t<\/div>\n\t\t<\/div>\n\t\t\t\t\t\t\t<\/div>\n\t\t<\/section>\n\t\t\t\t<section class=\"elementor-section elementor-inner-section elementor-element elementor-element-1b49e21 elementor-section-boxed elementor-section-height-default elementor-section-height-default\" data-id=\"1b49e21\" data-element_type=\"section\">\n\t\t\t\t\t\t<div class=\"elementor-container elementor-column-gap-default\">\n\t\t\t\t\t<div class=\"elementor-column elementor-col-100 elementor-inner-column elementor-element elementor-element-195a431\" data-id=\"195a431\" data-element_type=\"column\">\n\t\t\t<div class=\"elementor-widget-wrap elementor-element-populated\">\n\t\t\t\t\t\t\t\t<div class=\"elementor-element elementor-element-ee1ac9d elementor-align-center elementor-mobile-align-center elementor-widget elementor-widget-button\" data-id=\"ee1ac9d\" data-element_type=\"widget\" data-widget_type=\"button.default\">\n\t\t\t\t<div class=\"elementor-widget-container\">\n\t\t\t\t\t<div class=\"elementor-button-wrapper\">\n\t\t\t<a href=\"https:\/\/fondoaccion.org\/colombiabajaencarbono\/portafolio-de-ideas-innovadoras\/\" class=\"elementor-button-link elementor-button elementor-size-sm elementor-animation-grow\" role=\"button\">\n\t\t\t\t\t\t<span class=\"elementor-button-content-wrapper\">\n\t\t\t\t\t\t<span class=\"elementor-button-text\">Regresar<\/span>\n\t\t<\/span>\n\t\t\t\t\t<\/a>\n\t\t<\/div>\n\t\t\t\t<\/div>\n\t\t\t\t<\/div>\n\t\t\t\t\t<\/div>\n\t\t<\/div>\n\t\t\t\t\t\t\t<\/div>\n\t\t<\/section>\n\t\t\t\t\t<\/div>\n\t\t<\/div>\n\t\t\t\t\t\t\t<\/div>\n\t\t<\/section>\n\t\t\t\t\t\t\t<\/div>\n\t\t","protected":false},"excerpt":{"rendered":"<p>Esta iniciativa tiene como objetivo desarrollar acciones para la captura y almacenamiento de carbono mediante la restauraci\u00f3n y conservaci\u00f3n de zonas de manglar con enfoque en econom\u00eda circular y soluciones basadas en la naturaleza, en jurisdicci\u00f3n del SFF El Corchal \u201cMono Hern\u00e1ndez\u201d en su zona de amortiguamiento y Rinc\u00f3n del Mar, en el departamento de &hellip;<\/p>\n<p class=\"read-more\"> <a class=\"\" href=\"https:\/\/fondoaccion.org\/colombiabajaencarbono\/proyecto-restauracion-y-acciones-de-desarrollo-sostenible-para-la-captura-y-almacenamiento-de-carbono-en-las-areas-del-manglar-en-jurisdiccion-del-santuario-de-flora-y-fauna-el-corchal-mono-h\/\"> <span class=\"screen-reader-text\">Proyecto Restauraci\u00f3n y acciones de desarrollo sostenible para la captura y almacenamiento de carbono en las \u00e1reas del manglar en jurisdicci\u00f3n del Santuario de Flora y Fauna El Corchal \u201cMono Hern\u00e1ndez\u201d y Rinc\u00f3n del Mar, en el departamento de Sucre<\/span> Leer m\u00e1s &raquo;<\/a><\/p>\n","protected":false},"author":2,"featured_media":1416,"comment_status":"open","ping_status":"open","sticky":false,"template":"elementor_header_footer","format":"standard","meta":{"site-sidebar-layout":"default","site-content-layout":"default","ast-global-header-display":"","ast-main-header-display":"","ast-hfb-above-header-display":"","ast-hfb-below-header-display":"","ast-hfb-mobile-header-display":"","site-post-title":"","ast-breadcrumbs-content":"","ast-featured-img":"","footer-sml-layout":"","theme-transparent-header-meta":"","adv-header-id-meta":"","stick-header-meta":"","header-above-stick-meta":"","header-main-stick-meta":"","header-below-stick-meta":"","footnotes":""},"categories":[5],"tags":[],"class_list":["post-774","post","type-post","status-publish","format-standard","has-post-thumbnail","hentry","category-portafolio-de-ideas"],"_links":{"self":[{"href":"https:\/\/fondoaccion.org\/colombiabajaencarbono\/wp-json\/wp\/v2\/posts\/774","targetHints":{"allow":["GET"]}}],"collection":[{"href":"https:\/\/fondoaccion.org\/colombiabajaencarbono\/wp-json\/wp\/v2\/posts"}],"about":[{"href":"https:\/\/fondoaccion.org\/colombiabajaencarbono\/wp-json\/wp\/v2\/types\/post"}],"author":[{"embeddable":true,"href":"https:\/\/fondoaccion.org\/colombiabajaencarbono\/wp-json\/wp\/v2\/users\/2"}],"replies":[{"embeddable":true,"href":"https:\/\/fondoaccion.org\/colombiabajaencarbono\/wp-json\/wp\/v2\/comments?post=774"}],"version-history":[{"count":38,"href":"https:\/\/fondoaccion.org\/colombiabajaencarbono\/wp-json\/wp\/v2\/posts\/774\/revisions"}],"predecessor-version":[{"id":2739,"href":"https:\/\/fondoaccion.org\/colombiabajaencarbono\/wp-json\/wp\/v2\/posts\/774\/revisions\/2739"}],"wp:featuredmedia":[{"embeddable":true,"href":"https:\/\/fondoaccion.org\/colombiabajaencarbono\/wp-json\/wp\/v2\/media\/1416"}],"wp:attachment":[{"href":"https:\/\/fondoaccion.org\/colombiabajaencarbono\/wp-json\/wp\/v2\/media?parent=774"}],"wp:term":[{"taxonomy":"category","embeddable":true,"href":"https:\/\/fondoaccion.org\/colombiabajaencarbono\/wp-json\/wp\/v2\/categories?post=774"},{"taxonomy":"post_tag","embeddable":true,"href":"https:\/\/fondoaccion.org\/colombiabajaencarbono\/wp-json\/wp\/v2\/tags?post=774"}],"curies":[{"name":"wp","href":"https:\/\/api.w.org\/{rel}","templated":true}]}}