{"id":765,"date":"2022-08-20T12:36:20","date_gmt":"2022-08-20T17:36:20","guid":{"rendered":"https:\/\/uxcolombia.co\/colbaja\/?p=765"},"modified":"2023-05-13T09:10:46","modified_gmt":"2023-05-13T14:10:46","slug":"estructuracion-de-una-propuesta-integral-para-la-implementacion-de-un-distrito-de-enfriamiento-en-el-centro-de-bucaramanga-como-estrategia-de-mitigacion-de-cambio-climatico","status":"publish","type":"post","link":"https:\/\/fondoaccion.org\/colombiabajaencarbono\/estructuracion-de-una-propuesta-integral-para-la-implementacion-de-un-distrito-de-enfriamiento-en-el-centro-de-bucaramanga-como-estrategia-de-mitigacion-de-cambio-climatico\/","title":{"rendered":"Estructuraci\u00f3n de una propuesta integral para la implementaci\u00f3n de un distrito de enfriamiento en el centro de Bucaramanga como estrategia de mitigaci\u00f3n de cambio clim\u00e1tico"},"content":{"rendered":"\t\t<div data-elementor-type=\"wp-post\" data-elementor-id=\"765\" class=\"elementor elementor-765\">\n\t\t\t\t\t\t\t\t\t<section class=\"elementor-section elementor-top-section elementor-element elementor-element-68c0a6cd elementor-section-full_width elementor-section-height-min-height elementor-section-stretched elementor-section-height-default elementor-section-items-middle\" data-id=\"68c0a6cd\" data-element_type=\"section\" data-settings=\"{&quot;stretch_section&quot;:&quot;section-stretched&quot;,&quot;background_background&quot;:&quot;classic&quot;}\">\n\t\t\t\t\t\t<div class=\"elementor-container elementor-column-gap-default\">\n\t\t\t\t\t<div class=\"elementor-column elementor-col-100 elementor-top-column elementor-element elementor-element-7ee03eed\" data-id=\"7ee03eed\" data-element_type=\"column\">\n\t\t\t<div class=\"elementor-widget-wrap elementor-element-populated\">\n\t\t\t\t\t\t\t\t<section class=\"elementor-section elementor-inner-section elementor-element elementor-element-3ca30752 elementor-section-full_width elementor-section-height-default elementor-section-height-default\" data-id=\"3ca30752\" data-element_type=\"section\">\n\t\t\t\t\t\t<div class=\"elementor-container elementor-column-gap-default\">\n\t\t\t\t\t<div class=\"elementor-column elementor-col-50 elementor-inner-column elementor-element elementor-element-6fa10039\" data-id=\"6fa10039\" data-element_type=\"column\">\n\t\t\t<div class=\"elementor-widget-wrap elementor-element-populated\">\n\t\t\t\t\t\t\t\t<div class=\"elementor-element elementor-element-a44c0fe elementor-widget elementor-widget-image\" data-id=\"a44c0fe\" data-element_type=\"widget\" data-widget_type=\"image.default\">\n\t\t\t\t<div class=\"elementor-widget-container\">\n\t\t\t<style>\/*! elementor - v3.11.0 - 13-02-2023 *\/\n.elementor-widget-image{text-align:center}.elementor-widget-image a{display:inline-block}.elementor-widget-image a img[src$=\".svg\"]{width:48px}.elementor-widget-image img{vertical-align:middle;display:inline-block}<\/style>\t\t\t\t\t\t\t\t\t\t\t\t<img loading=\"lazy\" decoding=\"async\" width=\"791\" height=\"1024\" src=\"https:\/\/fondoaccion.org\/colombiabajaencarbono\/wp-content\/uploads\/2022\/08\/10_Ficha_UNAB_2022-1_page-0001-791x1024.jpg\" class=\"attachment-large size-large wp-image-1413\" alt=\"Estructuraci\u00f3n de una propuesta integral para la implementaci\u00f3n de un distrito de enfriamiento en el centro de Bucaramanga como estrategia de mitigaci\u00f3n de cambio clim\u00e1tico\" srcset=\"https:\/\/fondoaccion.org\/colombiabajaencarbono\/wp-content\/uploads\/2022\/08\/10_Ficha_UNAB_2022-1_page-0001-791x1024.jpg 791w, https:\/\/fondoaccion.org\/colombiabajaencarbono\/wp-content\/uploads\/2022\/08\/10_Ficha_UNAB_2022-1_page-0001-232x300.jpg 232w, https:\/\/fondoaccion.org\/colombiabajaencarbono\/wp-content\/uploads\/2022\/08\/10_Ficha_UNAB_2022-1_page-0001-768x994.jpg 768w, https:\/\/fondoaccion.org\/colombiabajaencarbono\/wp-content\/uploads\/2022\/08\/10_Ficha_UNAB_2022-1_page-0001-1187x1536.jpg 1187w, https:\/\/fondoaccion.org\/colombiabajaencarbono\/wp-content\/uploads\/2022\/08\/10_Ficha_UNAB_2022-1_page-0001.jpg 1275w\" sizes=\"auto, (max-width: 791px) 100vw, 791px\" \/>\t\t\t\t\t\t\t\t\t\t\t\t\t\t\t<\/div>\n\t\t\t\t<\/div>\n\t\t\t\t\t<\/div>\n\t\t<\/div>\n\t\t\t\t<div class=\"elementor-column elementor-col-50 elementor-inner-column elementor-element elementor-element-adca4e1\" data-id=\"adca4e1\" data-element_type=\"column\">\n\t\t\t<div class=\"elementor-widget-wrap elementor-element-populated\">\n\t\t\t\t\t\t\t\t<div class=\"elementor-element elementor-element-162cf87 elementor-widget elementor-widget-text-editor\" data-id=\"162cf87\" data-element_type=\"widget\" data-widget_type=\"text-editor.default\">\n\t\t\t\t<div class=\"elementor-widget-container\">\n\t\t\t<style>\/*! elementor - v3.11.0 - 13-02-2023 *\/\n.elementor-widget-text-editor.elementor-drop-cap-view-stacked .elementor-drop-cap{background-color:#818a91;color:#fff}.elementor-widget-text-editor.elementor-drop-cap-view-framed .elementor-drop-cap{color:#818a91;border:3px solid;background-color:transparent}.elementor-widget-text-editor:not(.elementor-drop-cap-view-default) .elementor-drop-cap{margin-top:8px}.elementor-widget-text-editor:not(.elementor-drop-cap-view-default) .elementor-drop-cap-letter{width:1em;height:1em}.elementor-widget-text-editor .elementor-drop-cap{float:left;text-align:center;line-height:1;font-size:50px}.elementor-widget-text-editor .elementor-drop-cap-letter{display:inline-block}<\/style>\t\t\t\t<p>Esta propuesta establece la viabilidad t\u00e9cnica y financiera de la implementaci\u00f3n de un distrito de enfriamiento para la reducci\u00f3n de emisiones de GEI, asociadas a los aires acondicionados de las edificaciones del sector terciario en el centro de Bucaramanga.<\/p>\t\t\t\t\t\t<\/div>\n\t\t\t\t<\/div>\n\t\t\t\t<div class=\"elementor-element elementor-element-f0c7a86 elementor-widget elementor-widget-text-editor\" data-id=\"f0c7a86\" data-element_type=\"widget\" data-widget_type=\"text-editor.default\">\n\t\t\t\t<div class=\"elementor-widget-container\">\n\t\t\t\t\t\t\t<p>Para mayor infomaci\u00f3n contacta a : <span style=\"text-decoration: underline;\"><a href=\"mailto:agarcia@fondoaccion.org\">agarcia@fondoaccion.org<\/a><\/span><\/p>\t\t\t\t\t\t<\/div>\n\t\t\t\t<\/div>\n\t\t\t\t<div class=\"elementor-element elementor-element-83e4282 elementor-align-left elementor-mobile-align-center elementor-widget elementor-widget-button\" data-id=\"83e4282\" data-element_type=\"widget\" data-widget_type=\"button.default\">\n\t\t\t\t<div class=\"elementor-widget-container\">\n\t\t\t\t\t<div class=\"elementor-button-wrapper\">\n\t\t\t<a href=\"https:\/\/fondoaccion.org\/?smd_process_download=1&#038;download_id=15806\" download=\"\" class=\"elementor-button-link elementor-button elementor-size-sm elementor-animation-grow\" role=\"button\">\n\t\t\t\t\t\t<span class=\"elementor-button-content-wrapper\">\n\t\t\t\t\t\t\t<span class=\"elementor-button-icon elementor-align-icon-left\">\n\t\t\t\t<i aria-hidden=\"true\" class=\"far fa-file-pdf\"><\/i>\t\t\t<\/span>\n\t\t\t\t\t\t<span class=\"elementor-button-text\">DESCARGAR PDF<\/span>\n\t\t<\/span>\n\t\t\t\t\t<\/a>\n\t\t<\/div>\n\t\t\t\t<\/div>\n\t\t\t\t<\/div>\n\t\t\t\t\t<\/div>\n\t\t<\/div>\n\t\t\t\t\t\t\t<\/div>\n\t\t<\/section>\n\t\t\t\t<section class=\"elementor-section elementor-inner-section elementor-element elementor-element-320a5b2b elementor-section-boxed elementor-section-height-default elementor-section-height-default\" data-id=\"320a5b2b\" data-element_type=\"section\">\n\t\t\t\t\t\t<div class=\"elementor-container elementor-column-gap-default\">\n\t\t\t\t\t<div class=\"elementor-column elementor-col-100 elementor-inner-column elementor-element elementor-element-5826a38a\" data-id=\"5826a38a\" data-element_type=\"column\">\n\t\t\t<div class=\"elementor-widget-wrap elementor-element-populated\">\n\t\t\t\t\t\t\t\t<div class=\"elementor-element elementor-element-2b46153a elementor-align-center elementor-mobile-align-center elementor-widget elementor-widget-button\" data-id=\"2b46153a\" data-element_type=\"widget\" data-widget_type=\"button.default\">\n\t\t\t\t<div class=\"elementor-widget-container\">\n\t\t\t\t\t<div class=\"elementor-button-wrapper\">\n\t\t\t<a href=\"https:\/\/fondoaccion.org\/colombiabajaencarbono\/portafolio-de-ideas-innovadoras\/\" class=\"elementor-button-link elementor-button elementor-size-sm elementor-animation-grow\" role=\"button\">\n\t\t\t\t\t\t<span class=\"elementor-button-content-wrapper\">\n\t\t\t\t\t\t<span class=\"elementor-button-text\">Regresar<\/span>\n\t\t<\/span>\n\t\t\t\t\t<\/a>\n\t\t<\/div>\n\t\t\t\t<\/div>\n\t\t\t\t<\/div>\n\t\t\t\t\t<\/div>\n\t\t<\/div>\n\t\t\t\t\t\t\t<\/div>\n\t\t<\/section>\n\t\t\t\t\t<\/div>\n\t\t<\/div>\n\t\t\t\t\t\t\t<\/div>\n\t\t<\/section>\n\t\t\t\t\t\t\t<\/div>\n\t\t","protected":false},"excerpt":{"rendered":"<p>Esta propuesta establece la viabilidad t\u00e9cnica y financiera de la implementaci\u00f3n de un distrito de enfriamiento para la reducci\u00f3n de emisiones de GEI, asociadas a los aires acondicionados de las edificaciones del sector terciario en el centro de Bucaramanga. Para mayor infomaci\u00f3n contacta a : agarcia@fondoaccion.org DESCARGAR PDF Regresar<\/p>\n","protected":false},"author":2,"featured_media":1413,"comment_status":"open","ping_status":"open","sticky":false,"template":"elementor_header_footer","format":"standard","meta":{"site-sidebar-layout":"default","site-content-layout":"default","ast-global-header-display":"","ast-main-header-display":"","ast-hfb-above-header-display":"","ast-hfb-below-header-display":"","ast-hfb-mobile-header-display":"","site-post-title":"","ast-breadcrumbs-content":"","ast-featured-img":"","footer-sml-layout":"","theme-transparent-header-meta":"","adv-header-id-meta":"","stick-header-meta":"","header-above-stick-meta":"","header-main-stick-meta":"","header-below-stick-meta":"","footnotes":""},"categories":[5],"tags":[],"class_list":["post-765","post","type-post","status-publish","format-standard","has-post-thumbnail","hentry","category-portafolio-de-ideas"],"_links":{"self":[{"href":"https:\/\/fondoaccion.org\/colombiabajaencarbono\/wp-json\/wp\/v2\/posts\/765","targetHints":{"allow":["GET"]}}],"collection":[{"href":"https:\/\/fondoaccion.org\/colombiabajaencarbono\/wp-json\/wp\/v2\/posts"}],"about":[{"href":"https:\/\/fondoaccion.org\/colombiabajaencarbono\/wp-json\/wp\/v2\/types\/post"}],"author":[{"embeddable":true,"href":"https:\/\/fondoaccion.org\/colombiabajaencarbono\/wp-json\/wp\/v2\/users\/2"}],"replies":[{"embeddable":true,"href":"https:\/\/fondoaccion.org\/colombiabajaencarbono\/wp-json\/wp\/v2\/comments?post=765"}],"version-history":[{"count":38,"href":"https:\/\/fondoaccion.org\/colombiabajaencarbono\/wp-json\/wp\/v2\/posts\/765\/revisions"}],"predecessor-version":[{"id":2730,"href":"https:\/\/fondoaccion.org\/colombiabajaencarbono\/wp-json\/wp\/v2\/posts\/765\/revisions\/2730"}],"wp:featuredmedia":[{"embeddable":true,"href":"https:\/\/fondoaccion.org\/colombiabajaencarbono\/wp-json\/wp\/v2\/media\/1413"}],"wp:attachment":[{"href":"https:\/\/fondoaccion.org\/colombiabajaencarbono\/wp-json\/wp\/v2\/media?parent=765"}],"wp:term":[{"taxonomy":"category","embeddable":true,"href":"https:\/\/fondoaccion.org\/colombiabajaencarbono\/wp-json\/wp\/v2\/categories?post=765"},{"taxonomy":"post_tag","embeddable":true,"href":"https:\/\/fondoaccion.org\/colombiabajaencarbono\/wp-json\/wp\/v2\/tags?post=765"}],"curies":[{"name":"wp","href":"https:\/\/api.w.org\/{rel}","templated":true}]}}