{"id":749,"date":"2022-08-20T12:24:01","date_gmt":"2022-08-20T17:24:01","guid":{"rendered":"https:\/\/uxcolombia.co\/colbaja\/?p=749"},"modified":"2023-05-13T09:25:47","modified_gmt":"2023-05-13T14:25:47","slug":"cuerval-sostenible","status":"publish","type":"post","link":"https:\/\/fondoaccion.org\/colombiabajaencarbono\/cuerval-sostenible\/","title":{"rendered":"Cuerval Sostenible"},"content":{"rendered":"\t\t<div data-elementor-type=\"wp-post\" data-elementor-id=\"749\" class=\"elementor elementor-749\">\n\t\t\t\t\t\t\t\t\t<section class=\"elementor-section elementor-top-section elementor-element elementor-element-c30211b elementor-section-full_width elementor-section-height-min-height elementor-section-stretched elementor-section-height-default elementor-section-items-middle\" data-id=\"c30211b\" data-element_type=\"section\" data-settings=\"{&quot;stretch_section&quot;:&quot;section-stretched&quot;,&quot;background_background&quot;:&quot;classic&quot;}\">\n\t\t\t\t\t\t<div class=\"elementor-container elementor-column-gap-default\">\n\t\t\t\t\t<div class=\"elementor-column elementor-col-100 elementor-top-column elementor-element elementor-element-937152d\" data-id=\"937152d\" data-element_type=\"column\">\n\t\t\t<div class=\"elementor-widget-wrap elementor-element-populated\">\n\t\t\t\t\t\t\t\t<section class=\"elementor-section elementor-inner-section elementor-element elementor-element-8ae4c9b elementor-section-full_width elementor-section-height-default elementor-section-height-default\" data-id=\"8ae4c9b\" data-element_type=\"section\">\n\t\t\t\t\t\t<div class=\"elementor-container elementor-column-gap-default\">\n\t\t\t\t\t<div class=\"elementor-column elementor-col-50 elementor-inner-column elementor-element elementor-element-3836ef4\" data-id=\"3836ef4\" data-element_type=\"column\">\n\t\t\t<div class=\"elementor-widget-wrap elementor-element-populated\">\n\t\t\t\t\t\t\t\t<div class=\"elementor-element elementor-element-8a8b991 elementor-widget elementor-widget-image\" data-id=\"8a8b991\" data-element_type=\"widget\" data-widget_type=\"image.default\">\n\t\t\t\t<div class=\"elementor-widget-container\">\n\t\t\t<style>\/*! elementor - v3.11.0 - 13-02-2023 *\/\n.elementor-widget-image{text-align:center}.elementor-widget-image a{display:inline-block}.elementor-widget-image a img[src$=\".svg\"]{width:48px}.elementor-widget-image img{vertical-align:middle;display:inline-block}<\/style>\t\t\t\t\t\t\t\t\t\t\t\t<img loading=\"lazy\" decoding=\"async\" width=\"791\" height=\"1024\" src=\"https:\/\/fondoaccion.org\/colombiabajaencarbono\/wp-content\/uploads\/2022\/08\/03_Ficha_CRC_2022-1_page-0001-791x1024.jpg\" class=\"attachment-large size-large wp-image-1403\" alt=\"cuerval sostenible\" srcset=\"https:\/\/fondoaccion.org\/colombiabajaencarbono\/wp-content\/uploads\/2022\/08\/03_Ficha_CRC_2022-1_page-0001-791x1024.jpg 791w, https:\/\/fondoaccion.org\/colombiabajaencarbono\/wp-content\/uploads\/2022\/08\/03_Ficha_CRC_2022-1_page-0001-232x300.jpg 232w, https:\/\/fondoaccion.org\/colombiabajaencarbono\/wp-content\/uploads\/2022\/08\/03_Ficha_CRC_2022-1_page-0001-768x994.jpg 768w, https:\/\/fondoaccion.org\/colombiabajaencarbono\/wp-content\/uploads\/2022\/08\/03_Ficha_CRC_2022-1_page-0001-1187x1536.jpg 1187w, https:\/\/fondoaccion.org\/colombiabajaencarbono\/wp-content\/uploads\/2022\/08\/03_Ficha_CRC_2022-1_page-0001.jpg 1275w\" sizes=\"auto, (max-width: 791px) 100vw, 791px\" \/>\t\t\t\t\t\t\t\t\t\t\t\t\t\t\t<\/div>\n\t\t\t\t<\/div>\n\t\t\t\t\t<\/div>\n\t\t<\/div>\n\t\t\t\t<div class=\"elementor-column elementor-col-50 elementor-inner-column elementor-element elementor-element-4acb7dd\" data-id=\"4acb7dd\" data-element_type=\"column\">\n\t\t\t<div class=\"elementor-widget-wrap elementor-element-populated\">\n\t\t\t\t\t\t\t\t<div class=\"elementor-element elementor-element-a7f679e elementor-widget elementor-widget-text-editor\" data-id=\"a7f679e\" data-element_type=\"widget\" data-widget_type=\"text-editor.default\">\n\t\t\t\t<div class=\"elementor-widget-container\">\n\t\t\t<style>\/*! elementor - v3.11.0 - 13-02-2023 *\/\n.elementor-widget-text-editor.elementor-drop-cap-view-stacked .elementor-drop-cap{background-color:#818a91;color:#fff}.elementor-widget-text-editor.elementor-drop-cap-view-framed .elementor-drop-cap{color:#818a91;border:3px solid;background-color:transparent}.elementor-widget-text-editor:not(.elementor-drop-cap-view-default) .elementor-drop-cap{margin-top:8px}.elementor-widget-text-editor:not(.elementor-drop-cap-view-default) .elementor-drop-cap-letter{width:1em;height:1em}.elementor-widget-text-editor .elementor-drop-cap{float:left;text-align:center;line-height:1;font-size:50px}.elementor-widget-text-editor .elementor-drop-cap-letter{display:inline-block}<\/style>\t\t\t\t<p>El objetivo de este proyecto es capturar y reducir emisiones de CO2eq en zonas de manglar del Consejo Comunitario del Cuerval, en el Municipio de Timbiqu\u00ed, departamento del Cauca, mediante estrategias de conservaci\u00f3n, restauraci\u00f3n y negocios verdes con apropiaci\u00f3n social para la conservaci\u00f3n de la biodiversidad y el fortalecimiento del sistema de monitoreo, reporte y verificaci\u00f3n para el desarrollo sostenible del consejo comunitario.<\/p>\t\t\t\t\t\t<\/div>\n\t\t\t\t<\/div>\n\t\t\t\t<div class=\"elementor-element elementor-element-7f83c05 elementor-widget elementor-widget-text-editor\" data-id=\"7f83c05\" data-element_type=\"widget\" data-widget_type=\"text-editor.default\">\n\t\t\t\t<div class=\"elementor-widget-container\">\n\t\t\t\t\t\t\t<p>Para mayor infomaci\u00f3n contacta a : <a href=\"mailto:acruz@fondoaccion.org\">acruz@fondoaccion.org<\/a><\/p>\t\t\t\t\t\t<\/div>\n\t\t\t\t<\/div>\n\t\t\t\t<div class=\"elementor-element elementor-element-feb4548 elementor-align-left elementor-mobile-align-center elementor-widget elementor-widget-button\" data-id=\"feb4548\" data-element_type=\"widget\" data-widget_type=\"button.default\">\n\t\t\t\t<div class=\"elementor-widget-container\">\n\t\t\t\t\t<div class=\"elementor-button-wrapper\">\n\t\t\t<a href=\"https:\/\/fondoaccion.org\/?smd_process_download=1&#038;download_id=15626\" download=\"\" class=\"elementor-button-link elementor-button elementor-size-sm elementor-animation-grow\" role=\"button\">\n\t\t\t\t\t\t<span class=\"elementor-button-content-wrapper\">\n\t\t\t\t\t\t\t<span class=\"elementor-button-icon elementor-align-icon-left\">\n\t\t\t\t<i aria-hidden=\"true\" class=\"far fa-file-pdf\"><\/i>\t\t\t<\/span>\n\t\t\t\t\t\t<span class=\"elementor-button-text\">DESCARGAR PDF<\/span>\n\t\t<\/span>\n\t\t\t\t\t<\/a>\n\t\t<\/div>\n\t\t\t\t<\/div>\n\t\t\t\t<\/div>\n\t\t\t\t\t<\/div>\n\t\t<\/div>\n\t\t\t\t\t\t\t<\/div>\n\t\t<\/section>\n\t\t\t\t<section class=\"elementor-section elementor-inner-section elementor-element elementor-element-415703e elementor-section-boxed elementor-section-height-default elementor-section-height-default\" data-id=\"415703e\" data-element_type=\"section\">\n\t\t\t\t\t\t<div class=\"elementor-container elementor-column-gap-default\">\n\t\t\t\t\t<div class=\"elementor-column elementor-col-100 elementor-inner-column elementor-element elementor-element-7c2dcfa\" data-id=\"7c2dcfa\" data-element_type=\"column\">\n\t\t\t<div class=\"elementor-widget-wrap elementor-element-populated\">\n\t\t\t\t\t\t\t\t<div class=\"elementor-element elementor-element-23f95c3 elementor-align-center elementor-mobile-align-center elementor-widget elementor-widget-button\" data-id=\"23f95c3\" data-element_type=\"widget\" data-widget_type=\"button.default\">\n\t\t\t\t<div class=\"elementor-widget-container\">\n\t\t\t\t\t<div class=\"elementor-button-wrapper\">\n\t\t\t<a href=\"https:\/\/fondoaccion.org\/colombiabajaencarbono\/portafolio-de-ideas-innovadoras\/\" class=\"elementor-button-link elementor-button elementor-size-sm elementor-animation-grow\" role=\"button\">\n\t\t\t\t\t\t<span class=\"elementor-button-content-wrapper\">\n\t\t\t\t\t\t<span class=\"elementor-button-text\">Regresar<\/span>\n\t\t<\/span>\n\t\t\t\t\t<\/a>\n\t\t<\/div>\n\t\t\t\t<\/div>\n\t\t\t\t<\/div>\n\t\t\t\t\t<\/div>\n\t\t<\/div>\n\t\t\t\t\t\t\t<\/div>\n\t\t<\/section>\n\t\t\t\t\t<\/div>\n\t\t<\/div>\n\t\t\t\t\t\t\t<\/div>\n\t\t<\/section>\n\t\t\t\t\t\t\t<\/div>\n\t\t","protected":false},"excerpt":{"rendered":"<p>El objetivo de este proyecto es capturar y reducir emisiones de CO2eq en zonas de manglar del Consejo Comunitario del Cuerval, en el Municipio de Timbiqu\u00ed, departamento del Cauca, mediante estrategias de conservaci\u00f3n, restauraci\u00f3n y negocios verdes con apropiaci\u00f3n social para la conservaci\u00f3n de la biodiversidad y el fortalecimiento del sistema de monitoreo, reporte y &hellip;<\/p>\n<p class=\"read-more\"> <a class=\"\" href=\"https:\/\/fondoaccion.org\/colombiabajaencarbono\/cuerval-sostenible\/\"> <span class=\"screen-reader-text\">Cuerval Sostenible<\/span> Leer m\u00e1s &raquo;<\/a><\/p>\n","protected":false},"author":2,"featured_media":1403,"comment_status":"open","ping_status":"open","sticky":false,"template":"elementor_header_footer","format":"standard","meta":{"site-sidebar-layout":"default","site-content-layout":"default","ast-global-header-display":"","ast-main-header-display":"","ast-hfb-above-header-display":"","ast-hfb-below-header-display":"","ast-hfb-mobile-header-display":"","site-post-title":"","ast-breadcrumbs-content":"","ast-featured-img":"","footer-sml-layout":"","theme-transparent-header-meta":"","adv-header-id-meta":"","stick-header-meta":"","header-above-stick-meta":"","header-main-stick-meta":"","header-below-stick-meta":"","footnotes":""},"categories":[5],"tags":[],"class_list":["post-749","post","type-post","status-publish","format-standard","has-post-thumbnail","hentry","category-portafolio-de-ideas"],"_links":{"self":[{"href":"https:\/\/fondoaccion.org\/colombiabajaencarbono\/wp-json\/wp\/v2\/posts\/749","targetHints":{"allow":["GET"]}}],"collection":[{"href":"https:\/\/fondoaccion.org\/colombiabajaencarbono\/wp-json\/wp\/v2\/posts"}],"about":[{"href":"https:\/\/fondoaccion.org\/colombiabajaencarbono\/wp-json\/wp\/v2\/types\/post"}],"author":[{"embeddable":true,"href":"https:\/\/fondoaccion.org\/colombiabajaencarbono\/wp-json\/wp\/v2\/users\/2"}],"replies":[{"embeddable":true,"href":"https:\/\/fondoaccion.org\/colombiabajaencarbono\/wp-json\/wp\/v2\/comments?post=749"}],"version-history":[{"count":47,"href":"https:\/\/fondoaccion.org\/colombiabajaencarbono\/wp-json\/wp\/v2\/posts\/749\/revisions"}],"predecessor-version":[{"id":2763,"href":"https:\/\/fondoaccion.org\/colombiabajaencarbono\/wp-json\/wp\/v2\/posts\/749\/revisions\/2763"}],"wp:featuredmedia":[{"embeddable":true,"href":"https:\/\/fondoaccion.org\/colombiabajaencarbono\/wp-json\/wp\/v2\/media\/1403"}],"wp:attachment":[{"href":"https:\/\/fondoaccion.org\/colombiabajaencarbono\/wp-json\/wp\/v2\/media?parent=749"}],"wp:term":[{"taxonomy":"category","embeddable":true,"href":"https:\/\/fondoaccion.org\/colombiabajaencarbono\/wp-json\/wp\/v2\/categories?post=749"},{"taxonomy":"post_tag","embeddable":true,"href":"https:\/\/fondoaccion.org\/colombiabajaencarbono\/wp-json\/wp\/v2\/tags?post=749"}],"curies":[{"name":"wp","href":"https:\/\/api.w.org\/{rel}","templated":true}]}}