{"id":674,"date":"2022-08-19T18:18:29","date_gmt":"2022-08-19T23:18:29","guid":{"rendered":"https:\/\/uxcolombia.co\/colbaja\/?p=674"},"modified":"2023-05-13T09:50:09","modified_gmt":"2023-05-13T14:50:09","slug":"fortalecimiento-de-sistemas-productivos-socio-ecologicos-como-estrategia-de-desarrollo-rural-bajo-en-carbono","status":"publish","type":"post","link":"https:\/\/fondoaccion.org\/colombiabajaencarbono\/fortalecimiento-de-sistemas-productivos-socio-ecologicos-como-estrategia-de-desarrollo-rural-bajo-en-carbono\/","title":{"rendered":"Fortalecimiento de sistemas productivos socio ecol\u00f3gicos como estrategia de desarrollo rural bajo en carbono"},"content":{"rendered":"\t\t<div data-elementor-type=\"wp-post\" data-elementor-id=\"674\" class=\"elementor elementor-674\">\n\t\t\t\t\t\t\t\t\t<section class=\"elementor-section elementor-top-section elementor-element elementor-element-0ec0d96 elementor-section-full_width elementor-section-height-min-height elementor-section-stretched elementor-section-height-default elementor-section-items-middle\" data-id=\"0ec0d96\" data-element_type=\"section\" data-settings=\"{&quot;stretch_section&quot;:&quot;section-stretched&quot;,&quot;background_background&quot;:&quot;classic&quot;}\">\n\t\t\t\t\t\t<div class=\"elementor-container elementor-column-gap-default\">\n\t\t\t\t\t<div class=\"elementor-column elementor-col-100 elementor-top-column elementor-element elementor-element-88934e1\" data-id=\"88934e1\" data-element_type=\"column\">\n\t\t\t<div class=\"elementor-widget-wrap elementor-element-populated\">\n\t\t\t\t\t\t\t\t<section class=\"elementor-section elementor-inner-section elementor-element elementor-element-941ef82 elementor-section-full_width elementor-section-height-default elementor-section-height-default\" data-id=\"941ef82\" data-element_type=\"section\">\n\t\t\t\t\t\t<div class=\"elementor-container elementor-column-gap-default\">\n\t\t\t\t\t<div class=\"elementor-column elementor-col-50 elementor-inner-column elementor-element elementor-element-fdca145\" data-id=\"fdca145\" data-element_type=\"column\">\n\t\t\t<div class=\"elementor-widget-wrap elementor-element-populated\">\n\t\t\t\t\t\t\t\t\t<\/div>\n\t\t<\/div>\n\t\t\t\t<div class=\"elementor-column elementor-col-50 elementor-inner-column elementor-element elementor-element-680d1d6\" data-id=\"680d1d6\" data-element_type=\"column\">\n\t\t\t<div class=\"elementor-widget-wrap elementor-element-populated\">\n\t\t\t\t\t\t\t\t<div class=\"elementor-element elementor-element-a1a3d16 elementor-widget elementor-widget-heading\" data-id=\"a1a3d16\" data-element_type=\"widget\" data-widget_type=\"heading.default\">\n\t\t\t\t<div class=\"elementor-widget-container\">\n\t\t\t<style>\/*! elementor - v3.11.0 - 13-02-2023 *\/\n.elementor-heading-title{padding:0;margin:0;line-height:1}.elementor-widget-heading .elementor-heading-title[class*=elementor-size-]>a{color:inherit;font-size:inherit;line-height:inherit}.elementor-widget-heading .elementor-heading-title.elementor-size-small{font-size:15px}.elementor-widget-heading .elementor-heading-title.elementor-size-medium{font-size:19px}.elementor-widget-heading .elementor-heading-title.elementor-size-large{font-size:29px}.elementor-widget-heading .elementor-heading-title.elementor-size-xl{font-size:39px}.elementor-widget-heading .elementor-heading-title.elementor-size-xxl{font-size:59px}<\/style><h2 class=\"elementor-heading-title elementor-size-default\">Fortalecimiento de sistemas productivos socio ecol\u00f3gicos como estrategia de\ndesarrollo rural bajo en carbono<\/h2>\t\t<\/div>\n\t\t\t\t<\/div>\n\t\t\t\t<div class=\"elementor-element elementor-element-c229001 elementor-widget elementor-widget-text-editor\" data-id=\"c229001\" data-element_type=\"widget\" data-widget_type=\"text-editor.default\">\n\t\t\t\t<div class=\"elementor-widget-container\">\n\t\t\t<style>\/*! elementor - v3.11.0 - 13-02-2023 *\/\n.elementor-widget-text-editor.elementor-drop-cap-view-stacked .elementor-drop-cap{background-color:#818a91;color:#fff}.elementor-widget-text-editor.elementor-drop-cap-view-framed .elementor-drop-cap{color:#818a91;border:3px solid;background-color:transparent}.elementor-widget-text-editor:not(.elementor-drop-cap-view-default) .elementor-drop-cap{margin-top:8px}.elementor-widget-text-editor:not(.elementor-drop-cap-view-default) .elementor-drop-cap-letter{width:1em;height:1em}.elementor-widget-text-editor .elementor-drop-cap{float:left;text-align:center;line-height:1;font-size:50px}.elementor-widget-text-editor .elementor-drop-cap-letter{display:inline-block}<\/style>\t\t\t\t<p>Esta iniciativa contribuye a la mitigaci\u00f3n de los GEI en la Cuenca baja del R\u00edo Sin\u00fa y diversifica los medios de vida de la poblaci\u00f3n rural de este territorio. Lo anterior por medio de la promoci\u00f3n de pr\u00e1cticas agropecuarias bajas en carbono como la conversi\u00f3n de energ\u00edas convencionales a energ\u00edas m\u00e1s sostenibles en los sistemas de producci\u00f3n pisc\u00edcolas colectivos; el fortalecimiento en la implementaci\u00f3n de sistemas silvopastoriles con peque\u00f1os productores y el aprovechamiento de residuos org\u00e1nicos de la producci\u00f3n<br \/>agropecuaria, incluido el esti\u00e9rcol de bovino.<\/p>\t\t\t\t\t\t<\/div>\n\t\t\t\t<\/div>\n\t\t\t\t<div class=\"elementor-element elementor-element-eb937b9 elementor-hidden-mobile elementor-widget elementor-widget-image\" data-id=\"eb937b9\" data-element_type=\"widget\" data-widget_type=\"image.default\">\n\t\t\t\t<div class=\"elementor-widget-container\">\n\t\t\t<style>\/*! elementor - v3.11.0 - 13-02-2023 *\/\n.elementor-widget-image{text-align:center}.elementor-widget-image a{display:inline-block}.elementor-widget-image a img[src$=\".svg\"]{width:48px}.elementor-widget-image img{vertical-align:middle;display:inline-block}<\/style>\t\t\t\t\t\t\t\t\t\t\t\t\t<a href=\"https:\/\/fondoaccion.org\/colombiabajaencarbono\/wp-content\/uploads\/2022\/08\/INFOGRAFIA-asprocig-pc.jpg\" data-elementor-open-lightbox=\"yes\" data-elementor-lightbox-title=\"INFOGRAFIA-asprocig-pc\" data-e-action-hash=\"#elementor-action%3Aaction%3Dlightbox%26settings%3DeyJpZCI6MTk5NiwidXJsIjoiaHR0cHM6XC9cL2ZvbmRvYWNjaW9uLm9yZ1wvY29sb21iaWFiYWphZW5jYXJib25vXC93cC1jb250ZW50XC91cGxvYWRzXC8yMDIyXC8wOFwvSU5GT0dSQUZJQS1hc3Byb2NpZy1wYy5qcGcifQ%3D%3D\">\n\t\t\t\t\t\t\t<img loading=\"lazy\" decoding=\"async\" width=\"960\" height=\"264\" src=\"https:\/\/fondoaccion.org\/colombiabajaencarbono\/wp-content\/uploads\/2022\/08\/INFOGRAFIA-asprocig-pc.jpg\" class=\"attachment-large size-large wp-image-1996\" alt=\"\" srcset=\"https:\/\/fondoaccion.org\/colombiabajaencarbono\/wp-content\/uploads\/2022\/08\/INFOGRAFIA-asprocig-pc.jpg 960w, https:\/\/fondoaccion.org\/colombiabajaencarbono\/wp-content\/uploads\/2022\/08\/INFOGRAFIA-asprocig-pc-300x83.jpg 300w, https:\/\/fondoaccion.org\/colombiabajaencarbono\/wp-content\/uploads\/2022\/08\/INFOGRAFIA-asprocig-pc-768x211.jpg 768w\" sizes=\"auto, (max-width: 960px) 100vw, 960px\" \/>\t\t\t\t\t\t\t\t<\/a>\n\t\t\t\t\t\t\t\t\t\t\t\t\t\t\t<\/div>\n\t\t\t\t<\/div>\n\t\t\t\t<div class=\"elementor-element elementor-element-c97aa9b elementor-hidden-desktop elementor-hidden-tablet elementor-widget elementor-widget-image\" data-id=\"c97aa9b\" data-element_type=\"widget\" data-widget_type=\"image.default\">\n\t\t\t\t<div class=\"elementor-widget-container\">\n\t\t\t\t\t\t\t\t\t\t\t\t\t\t\t\t<a href=\"https:\/\/fondoaccion.org\/colombiabajaencarbono\/wp-content\/uploads\/2022\/08\/INFOGRAFIA-asprocig.jpg\" data-elementor-open-lightbox=\"yes\" data-elementor-lightbox-title=\"INFOGRAFIA-asprocig\" data-e-action-hash=\"#elementor-action%3Aaction%3Dlightbox%26settings%3DeyJpZCI6MTk5NSwidXJsIjoiaHR0cHM6XC9cL2ZvbmRvYWNjaW9uLm9yZ1wvY29sb21iaWFiYWphZW5jYXJib25vXC93cC1jb250ZW50XC91cGxvYWRzXC8yMDIyXC8wOFwvSU5GT0dSQUZJQS1hc3Byb2NpZy5qcGcifQ%3D%3D\">\n\t\t\t\t\t\t\t<img loading=\"lazy\" decoding=\"async\" width=\"512\" height=\"544\" src=\"https:\/\/fondoaccion.org\/colombiabajaencarbono\/wp-content\/uploads\/2022\/08\/INFOGRAFIA-asprocig.jpg\" class=\"attachment-large size-large wp-image-1995\" alt=\"\" srcset=\"https:\/\/fondoaccion.org\/colombiabajaencarbono\/wp-content\/uploads\/2022\/08\/INFOGRAFIA-asprocig.jpg 512w, https:\/\/fondoaccion.org\/colombiabajaencarbono\/wp-content\/uploads\/2022\/08\/INFOGRAFIA-asprocig-282x300.jpg 282w\" sizes=\"auto, (max-width: 512px) 100vw, 512px\" \/>\t\t\t\t\t\t\t\t<\/a>\n\t\t\t\t\t\t\t\t\t\t\t\t\t\t\t<\/div>\n\t\t\t\t<\/div>\n\t\t\t\t<div class=\"elementor-element elementor-element-4d6a7c5 elementor-align-left elementor-mobile-align-center elementor-widget elementor-widget-button\" data-id=\"4d6a7c5\" data-element_type=\"widget\" data-widget_type=\"button.default\">\n\t\t\t\t<div class=\"elementor-widget-container\">\n\t\t\t\t\t<div class=\"elementor-button-wrapper\">\n\t\t\t<a href=\"https:\/\/fondoaccion.org\/?smd_process_download=1&#038;download_id=15607\" download=\"\" class=\"elementor-button-link elementor-button elementor-size-sm elementor-animation-grow\" role=\"button\">\n\t\t\t\t\t\t<span class=\"elementor-button-content-wrapper\">\n\t\t\t\t\t\t\t<span class=\"elementor-button-icon elementor-align-icon-left\">\n\t\t\t\t<i aria-hidden=\"true\" class=\"far fa-file-pdf\"><\/i>\t\t\t<\/span>\n\t\t\t\t\t\t<span class=\"elementor-button-text\">DESCARGAR PDF<\/span>\n\t\t<\/span>\n\t\t\t\t\t<\/a>\n\t\t<\/div>\n\t\t\t\t<\/div>\n\t\t\t\t<\/div>\n\t\t\t\t\t<\/div>\n\t\t<\/div>\n\t\t\t\t\t\t\t<\/div>\n\t\t<\/section>\n\t\t\t\t<section class=\"elementor-section elementor-inner-section elementor-element elementor-element-d6c747d elementor-section-boxed elementor-section-height-default elementor-section-height-default\" data-id=\"d6c747d\" data-element_type=\"section\">\n\t\t\t\t\t\t<div class=\"elementor-container elementor-column-gap-default\">\n\t\t\t\t\t<div class=\"elementor-column elementor-col-100 elementor-inner-column elementor-element elementor-element-00f0030\" data-id=\"00f0030\" data-element_type=\"column\">\n\t\t\t<div class=\"elementor-widget-wrap elementor-element-populated\">\n\t\t\t\t\t\t\t\t<div class=\"elementor-element elementor-element-9739a6b elementor-align-center elementor-mobile-align-center elementor-widget elementor-widget-button\" data-id=\"9739a6b\" data-element_type=\"widget\" data-widget_type=\"button.default\">\n\t\t\t\t<div class=\"elementor-widget-container\">\n\t\t\t\t\t<div class=\"elementor-button-wrapper\">\n\t\t\t<a href=\"https:\/\/fondoaccion.org\/colombiabajaencarbono\/proyectos-bajos-en-carbono\/\" class=\"elementor-button-link elementor-button elementor-size-sm elementor-animation-grow\" role=\"button\">\n\t\t\t\t\t\t<span class=\"elementor-button-content-wrapper\">\n\t\t\t\t\t\t<span class=\"elementor-button-text\">Regresar<\/span>\n\t\t<\/span>\n\t\t\t\t\t<\/a>\n\t\t<\/div>\n\t\t\t\t<\/div>\n\t\t\t\t<\/div>\n\t\t\t\t\t<\/div>\n\t\t<\/div>\n\t\t\t\t\t\t\t<\/div>\n\t\t<\/section>\n\t\t\t\t\t<\/div>\n\t\t<\/div>\n\t\t\t\t\t\t\t<\/div>\n\t\t<\/section>\n\t\t\t\t\t\t\t<\/div>\n\t\t","protected":false},"excerpt":{"rendered":"<p>Fortalecimiento de sistemas productivos socio ecol\u00f3gicos como estrategia de desarrollo rural bajo en carbono Esta iniciativa contribuye a la mitigaci\u00f3n de los GEI en la Cuenca baja del R\u00edo Sin\u00fa y diversifica los medios de vida de la poblaci\u00f3n rural de este territorio. Lo anterior por medio de la promoci\u00f3n de pr\u00e1cticas agropecuarias bajas en &hellip;<\/p>\n<p class=\"read-more\"> <a class=\"\" href=\"https:\/\/fondoaccion.org\/colombiabajaencarbono\/fortalecimiento-de-sistemas-productivos-socio-ecologicos-como-estrategia-de-desarrollo-rural-bajo-en-carbono\/\"> <span class=\"screen-reader-text\">Fortalecimiento de sistemas productivos socio ecol\u00f3gicos como estrategia de desarrollo rural bajo en carbono<\/span> Leer m\u00e1s &raquo;<\/a><\/p>\n","protected":false},"author":2,"featured_media":1287,"comment_status":"open","ping_status":"open","sticky":false,"template":"elementor_header_footer","format":"standard","meta":{"site-sidebar-layout":"default","site-content-layout":"default","ast-global-header-display":"","ast-main-header-display":"","ast-hfb-above-header-display":"","ast-hfb-below-header-display":"","ast-hfb-mobile-header-display":"","site-post-title":"","ast-breadcrumbs-content":"","ast-featured-img":"","footer-sml-layout":"","theme-transparent-header-meta":"","adv-header-id-meta":"","stick-header-meta":"","header-above-stick-meta":"","header-main-stick-meta":"","header-below-stick-meta":"","footnotes":""},"categories":[6],"tags":[],"class_list":["post-674","post","type-post","status-publish","format-standard","has-post-thumbnail","hentry","category-proyectos-bajos-en-carbono"],"_links":{"self":[{"href":"https:\/\/fondoaccion.org\/colombiabajaencarbono\/wp-json\/wp\/v2\/posts\/674","targetHints":{"allow":["GET"]}}],"collection":[{"href":"https:\/\/fondoaccion.org\/colombiabajaencarbono\/wp-json\/wp\/v2\/posts"}],"about":[{"href":"https:\/\/fondoaccion.org\/colombiabajaencarbono\/wp-json\/wp\/v2\/types\/post"}],"author":[{"embeddable":true,"href":"https:\/\/fondoaccion.org\/colombiabajaencarbono\/wp-json\/wp\/v2\/users\/2"}],"replies":[{"embeddable":true,"href":"https:\/\/fondoaccion.org\/colombiabajaencarbono\/wp-json\/wp\/v2\/comments?post=674"}],"version-history":[{"count":35,"href":"https:\/\/fondoaccion.org\/colombiabajaencarbono\/wp-json\/wp\/v2\/posts\/674\/revisions"}],"predecessor-version":[{"id":2776,"href":"https:\/\/fondoaccion.org\/colombiabajaencarbono\/wp-json\/wp\/v2\/posts\/674\/revisions\/2776"}],"wp:featuredmedia":[{"embeddable":true,"href":"https:\/\/fondoaccion.org\/colombiabajaencarbono\/wp-json\/wp\/v2\/media\/1287"}],"wp:attachment":[{"href":"https:\/\/fondoaccion.org\/colombiabajaencarbono\/wp-json\/wp\/v2\/media?parent=674"}],"wp:term":[{"taxonomy":"category","embeddable":true,"href":"https:\/\/fondoaccion.org\/colombiabajaencarbono\/wp-json\/wp\/v2\/categories?post=674"},{"taxonomy":"post_tag","embeddable":true,"href":"https:\/\/fondoaccion.org\/colombiabajaencarbono\/wp-json\/wp\/v2\/tags?post=674"}],"curies":[{"name":"wp","href":"https:\/\/api.w.org\/{rel}","templated":true}]}}